{"id":19231,"date":"2015-11-22T17:21:53","date_gmt":"2015-11-23T01:21:53","guid":{"rendered":"https:\/\/www.latmultilingual.com\/lat-multilingue-en-nomination-pour-trois-prix-small-business-bc\/"},"modified":"2020-10-07T15:16:16","modified_gmt":"2020-10-07T22:16:16","slug":"lat-multilingue-en-nomination-pour-trois-prix-small-business-bc","status":"publish","type":"post","link":"https:\/\/www.latmultilingual.com\/fr\/blog\/lat-multilingue-en-nomination-pour-trois-prix-small-business-bc\/","title":{"rendered":"LAT Multilingue en nomination pour trois prix Small Business BC"},"content":{"rendered":"<p align=\"justify\"><strong>Vancouver, le 22 novembre 2013<\/strong>\u2014 En reconnaissance de ses r\u00e9alisations et de sa contribution \u00e0 la collectivit\u00e9 de la Colombie-Britannique, LAT Multilingue Traduction et Marketing se retrouve en nomination pour trois prix aux <a href=\"https:\/\/sbbcawards.ca\/\" target=\"_blank\" rel=\"noopener noreferrer\">Small Business BC Awards<\/a>.<\/p>\n<p align=\"justify\">Les prix Small Business BC (SBBC) visent \u00e0 souligner les efforts remarquables et les r\u00e9ussites des petites entreprises de la Colombie-Britannique, et LAT Multilingue est en nomination dans trois des neuf cat\u00e9gories, soit :<\/p>\n<ul>\n<li>Premier People\u2019s Choice (meilleur choix du public)<\/li>\n<li>Best Community Impact (meilleure influence sur la communaut\u00e9)<\/li>\n<li>Best Online Marketer (meilleur promoteur de marques en ligne)<\/li>\n<\/ul>\n<p align=\"justify\">La pr\u00e9sidente de LAT Multilingue, Lise Alain, est enchant\u00e9e de voir son entreprise reconnue parmi les meilleures petites entreprises de la province.<\/p>\n<p align=\"justify\">\u00ab Nous sommes fiers de faire partie de la communaut\u00e9 des petites entreprises de Colombie-Britannique \u00bb, affirme-t-elle. \u00ab Nos services, qui refl\u00e8tent la diversit\u00e9 de la population de Vancouver, visent \u00e0 faciliter les interactions entre les entreprises locales et les diff\u00e9rents groupes d\u00e9mographiques, et ainsi \u00e0 multiplier les possibilit\u00e9s pour tous. Nous serions donc tr\u00e8s honor\u00e9s de recevoir le \u201cprix du public\u201d \u2013 Premier People\u2019s Choice. \u00ab Au bout du compte, tout repose sur les gens \u00bb<\/p>\n<p align=\"justify\">\n","protected":false},"excerpt":{"rendered":"<p>Vancouver, le 22 novembre 2013\u2014 En reconnaissance de ses r\u00e9alisations [&hellip;]<\/p>\n","protected":false},"author":61,"featured_media":19649,"comment_status":"closed","ping_status":"closed","sticky":false,"template":"","format":"standard","meta":{"_acf_changed":false,"footnotes":""},"categories":[721],"tags":[],"class_list":["post-19231","post","type-post","status-publish","format-standard","has-post-thumbnail","hentry","category-communiques"],"metadata":{"_pingme":"1","_encloseme":"1","_wpml_word_count":"{\"total\":0,\"to_translate\":{\"en\":218,\"fr\":218}}","_wpml_media_duplicate":"1","_wpml_media_featured":"1","_top_nav_excluded":"","_cms_nav_minihome":"","_fusion":{"show_first_featured_image":"yes","fimg":{"width":"","height":""},"post_links_target":"no","bg_full":"no","display_header":"yes","header_bg_full":"no","main_padding":{"top":"","bottom":""},"content_bg_full":"no","image_rollover_icons":"default","bg_repeat":"default","header_bg_repeat":"repeat","displayed_menu":"default","slider_type":"no","slider":"0","wooslider":"0","elasticslider":"0","blog_page_title_bar":"default","content_bg_repeat":"default","posts_sidebar":"default_sidebar","posts_sidebar_2":"default_sidebar","sidebar_sticky":"default"},"_thumbnail_id":"19649","_edit_lock":"1647030831:72","_edit_last":"61","authorsure_include_css":"","_yoast_wpseo_content_score":"30","_wp_old_date":"2020-08-23","_yoast_wpseo_primary_category":"720","_last_translation_edit_mode":"native-editor","avada_post_views_count":"1376","avada_today_post_views_count":"1","avada_post_views_count_today_date":"30-04-2026"},"acf":[],"yoast_head":"<!-- This site is optimized with the Yoast SEO plugin v27.2 - https:\/\/yoast.com\/product\/yoast-seo-wordpress\/ -->\n<title>LAT Multilingue en nomination pour trois prix Small Business BC - LAT Multilingue Traduction et Marketing<\/title>\n<meta name=\"robots\" content=\"index, follow, max-snippet:-1, max-image-preview:large, max-video-preview:-1\" \/>\n<link rel=\"canonical\" href=\"https:\/\/www.latmultilingual.com\/fr\/blog\/lat-multilingue-en-nomination-pour-trois-prix-small-business-bc\/\" \/>\n<meta property=\"og:locale\" content=\"fr_FR\" \/>\n<meta property=\"og:type\" content=\"article\" \/>\n<meta property=\"og:title\" content=\"LAT Multilingue en nomination pour trois prix Small Business BC - LAT Multilingue Traduction et Marketing\" \/>\n<meta property=\"og:description\" content=\"Vancouver, le 22 novembre 2013\u2014 En reconnaissance de ses r\u00e9alisations [&hellip;]\" \/>\n<meta property=\"og:url\" content=\"https:\/\/www.latmultilingual.com\/fr\/blog\/lat-multilingue-en-nomination-pour-trois-prix-small-business-bc\/\" \/>\n<meta property=\"og:site_name\" content=\"LAT Multilingue Traduction et Marketing\" \/>\n<meta property=\"article:publisher\" content=\"https:\/\/www.facebook.com\/LATMultilingual\/\" \/>\n<meta property=\"article:published_time\" content=\"2015-11-23T01:21:53+00:00\" \/>\n<meta property=\"article:modified_time\" content=\"2020-10-07T22:16:16+00:00\" \/>\n<meta property=\"og:image\" content=\"https:\/\/www.latmultilingual.com\/wp-content\/uploads\/2015\/11\/SmallBusinessBC.gif\" \/>\n\t<meta property=\"og:image:width\" content=\"939\" \/>\n\t<meta property=\"og:image:height\" content=\"617\" \/>\n\t<meta property=\"og:image:type\" content=\"image\/gif\" \/>\n<meta name=\"author\" content=\"Laura McLeod\" \/>\n<meta name=\"twitter:card\" content=\"summary_large_image\" \/>\n<meta name=\"twitter:creator\" content=\"@LATMultilingual\" \/>\n<meta name=\"twitter:site\" content=\"@LATMultilingual\" \/>\n<meta name=\"twitter:label1\" content=\"\u00c9crit par\" \/>\n\t<meta name=\"twitter:data1\" content=\"Laura McLeod\" \/>\n\t<meta name=\"twitter:label2\" content=\"Dur\u00e9e de lecture estim\u00e9e\" \/>\n\t<meta name=\"twitter:data2\" content=\"1 minute\" \/>\n<script type=\"application\/ld+json\" class=\"yoast-schema-graph\">{\"@context\":\"https:\/\/schema.org\",\"@graph\":[{\"@type\":\"Article\",\"@id\":\"https:\/\/www.latmultilingual.com\/fr\/blog\/lat-multilingue-en-nomination-pour-trois-prix-small-business-bc\/#article\",\"isPartOf\":{\"@id\":\"https:\/\/www.latmultilingual.com\/fr\/blog\/lat-multilingue-en-nomination-pour-trois-prix-small-business-bc\/\"},\"author\":{\"name\":\"Laura McLeod\",\"@id\":\"https:\/\/www.latmultilingual.com\/fr\/#\/schema\/person\/8b782359f9c126ce78a77af3ae602397\"},\"headline\":\"LAT Multilingue en nomination pour trois prix Small Business BC\",\"datePublished\":\"2015-11-23T01:21:53+00:00\",\"dateModified\":\"2020-10-07T22:16:16+00:00\",\"mainEntityOfPage\":{\"@id\":\"https:\/\/www.latmultilingual.com\/fr\/blog\/lat-multilingue-en-nomination-pour-trois-prix-small-business-bc\/\"},\"wordCount\":204,\"publisher\":{\"@id\":\"https:\/\/www.latmultilingual.com\/fr\/#organization\"},\"image\":{\"@id\":\"https:\/\/www.latmultilingual.com\/fr\/blog\/lat-multilingue-en-nomination-pour-trois-prix-small-business-bc\/#primaryimage\"},\"thumbnailUrl\":\"https:\/\/www.latmultilingual.com\/wp-content\/uploads\/2015\/11\/SmallBusinessBC.gif\",\"articleSection\":[\"Communiqu\u00e9s\"],\"inLanguage\":\"fr-FR\"},{\"@type\":\"WebPage\",\"@id\":\"https:\/\/www.latmultilingual.com\/fr\/blog\/lat-multilingue-en-nomination-pour-trois-prix-small-business-bc\/\",\"url\":\"https:\/\/www.latmultilingual.com\/fr\/blog\/lat-multilingue-en-nomination-pour-trois-prix-small-business-bc\/\",\"name\":\"LAT Multilingue en nomination pour trois prix Small Business BC - LAT Multilingue Traduction et Marketing\",\"isPartOf\":{\"@id\":\"https:\/\/www.latmultilingual.com\/fr\/#website\"},\"primaryImageOfPage\":{\"@id\":\"https:\/\/www.latmultilingual.com\/fr\/blog\/lat-multilingue-en-nomination-pour-trois-prix-small-business-bc\/#primaryimage\"},\"image\":{\"@id\":\"https:\/\/www.latmultilingual.com\/fr\/blog\/lat-multilingue-en-nomination-pour-trois-prix-small-business-bc\/#primaryimage\"},\"thumbnailUrl\":\"https:\/\/www.latmultilingual.com\/wp-content\/uploads\/2015\/11\/SmallBusinessBC.gif\",\"datePublished\":\"2015-11-23T01:21:53+00:00\",\"dateModified\":\"2020-10-07T22:16:16+00:00\",\"breadcrumb\":{\"@id\":\"https:\/\/www.latmultilingual.com\/fr\/blog\/lat-multilingue-en-nomination-pour-trois-prix-small-business-bc\/#breadcrumb\"},\"inLanguage\":\"fr-FR\",\"potentialAction\":[{\"@type\":\"ReadAction\",\"target\":[\"https:\/\/www.latmultilingual.com\/fr\/blog\/lat-multilingue-en-nomination-pour-trois-prix-small-business-bc\/\"]}]},{\"@type\":\"ImageObject\",\"inLanguage\":\"fr-FR\",\"@id\":\"https:\/\/www.latmultilingual.com\/fr\/blog\/lat-multilingue-en-nomination-pour-trois-prix-small-business-bc\/#primaryimage\",\"url\":\"https:\/\/www.latmultilingual.com\/wp-content\/uploads\/2015\/11\/SmallBusinessBC.gif\",\"contentUrl\":\"https:\/\/www.latmultilingual.com\/wp-content\/uploads\/2015\/11\/SmallBusinessBC.gif\",\"width\":939,\"height\":617},{\"@type\":\"BreadcrumbList\",\"@id\":\"https:\/\/www.latmultilingual.com\/fr\/blog\/lat-multilingue-en-nomination-pour-trois-prix-small-business-bc\/#breadcrumb\",\"itemListElement\":[{\"@type\":\"ListItem\",\"position\":1,\"name\":\"Home\",\"item\":\"https:\/\/www.latmultilingual.com\/fr\/\"},{\"@type\":\"ListItem\",\"position\":2,\"name\":\"LAT Multilingue en nomination pour trois prix Small Business BC\"}]},{\"@type\":\"WebSite\",\"@id\":\"https:\/\/www.latmultilingual.com\/fr\/#website\",\"url\":\"https:\/\/www.latmultilingual.com\/fr\/\",\"name\":\"LAT Multilingual\",\"description\":\"Reach New Markets with Quality Translation and Cultural Marketing Services\",\"publisher\":{\"@id\":\"https:\/\/www.latmultilingual.com\/fr\/#organization\"},\"potentialAction\":[{\"@type\":\"SearchAction\",\"target\":{\"@type\":\"EntryPoint\",\"urlTemplate\":\"https:\/\/www.latmultilingual.com\/fr\/?s={search_term_string}\"},\"query-input\":{\"@type\":\"PropertyValueSpecification\",\"valueRequired\":true,\"valueName\":\"search_term_string\"}}],\"inLanguage\":\"fr-FR\"},{\"@type\":\"Organization\",\"@id\":\"https:\/\/www.latmultilingual.com\/fr\/#organization\",\"name\":\"LAT Multilingual\",\"url\":\"https:\/\/www.latmultilingual.com\/fr\/\",\"logo\":{\"@type\":\"ImageObject\",\"inLanguage\":\"fr-FR\",\"@id\":\"https:\/\/www.latmultilingual.com\/fr\/#\/schema\/logo\/image\/\",\"url\":\"https:\/\/www.latmultilingual.com\/wp-content\/uploads\/2024\/02\/retina-logo-en.png\",\"contentUrl\":\"https:\/\/www.latmultilingual.com\/wp-content\/uploads\/2024\/02\/retina-logo-en.png\",\"width\":450,\"height\":122,\"caption\":\"LAT Multilingual\"},\"image\":{\"@id\":\"https:\/\/www.latmultilingual.com\/fr\/#\/schema\/logo\/image\/\"},\"sameAs\":[\"https:\/\/www.facebook.com\/LATMultilingual\/\",\"https:\/\/x.com\/LATMultilingual\",\"https:\/\/www.linkedin.com\/company\/215205\/admin\/updates\/\"]},{\"@type\":\"Person\",\"@id\":\"https:\/\/www.latmultilingual.com\/fr\/#\/schema\/person\/8b782359f9c126ce78a77af3ae602397\",\"name\":\"Laura McLeod\",\"image\":{\"@type\":\"ImageObject\",\"inLanguage\":\"fr-FR\",\"@id\":\"https:\/\/secure.gravatar.com\/avatar\/a876d23222bad85988ca24c0a26294a5de30c239bcff38791e6268595b23b058?s=96&r=g\",\"url\":\"https:\/\/secure.gravatar.com\/avatar\/a876d23222bad85988ca24c0a26294a5de30c239bcff38791e6268595b23b058?s=96&r=g\",\"contentUrl\":\"https:\/\/secure.gravatar.com\/avatar\/a876d23222bad85988ca24c0a26294a5de30c239bcff38791e6268595b23b058?s=96&r=g\",\"caption\":\"Laura McLeod\"},\"description\":\"Laura McLeod est gestionnaire des communications chez LAT Multilingual. Ayant d\u00e9j\u00e0 travaill\u00e9 \u00e0 coordonner des projets de traduction complexes en tant que cliente, Laura est ravie d\u2019aider les clients \u00e0 apprendre comment LAT peut leur simplifier la vie pour leurs projets de marketing, de communications et de site Web.\",\"url\":\"https:\/\/www.latmultilingual.com\/fr\/blog\/author\/lauramcleod\/\"}]}<\/script>\n<!-- \/ Yoast SEO plugin. -->","yoast_head_json":{"title":"LAT Multilingue en nomination pour trois prix Small Business BC - LAT Multilingue Traduction et Marketing","robots":{"index":"index","follow":"follow","max-snippet":"max-snippet:-1","max-image-preview":"max-image-preview:large","max-video-preview":"max-video-preview:-1"},"canonical":"https:\/\/www.latmultilingual.com\/fr\/blog\/lat-multilingue-en-nomination-pour-trois-prix-small-business-bc\/","og_locale":"fr_FR","og_type":"article","og_title":"LAT Multilingue en nomination pour trois prix Small Business BC - LAT Multilingue Traduction et Marketing","og_description":"Vancouver, le 22 novembre 2013\u2014 En reconnaissance de ses r\u00e9alisations [&hellip;]","og_url":"https:\/\/www.latmultilingual.com\/fr\/blog\/lat-multilingue-en-nomination-pour-trois-prix-small-business-bc\/","og_site_name":"LAT Multilingue Traduction et Marketing","article_publisher":"https:\/\/www.facebook.com\/LATMultilingual\/","article_published_time":"2015-11-23T01:21:53+00:00","article_modified_time":"2020-10-07T22:16:16+00:00","og_image":[{"width":939,"height":617,"url":"https:\/\/www.latmultilingual.com\/wp-content\/uploads\/2015\/11\/SmallBusinessBC.gif","type":"image\/gif"}],"author":"Laura McLeod","twitter_card":"summary_large_image","twitter_creator":"@LATMultilingual","twitter_site":"@LATMultilingual","twitter_misc":{"\u00c9crit par":"Laura McLeod","Dur\u00e9e de lecture estim\u00e9e":"1 minute"},"schema":{"@context":"https:\/\/schema.org","@graph":[{"@type":"Article","@id":"https:\/\/www.latmultilingual.com\/fr\/blog\/lat-multilingue-en-nomination-pour-trois-prix-small-business-bc\/#article","isPartOf":{"@id":"https:\/\/www.latmultilingual.com\/fr\/blog\/lat-multilingue-en-nomination-pour-trois-prix-small-business-bc\/"},"author":{"name":"Laura McLeod","@id":"https:\/\/www.latmultilingual.com\/fr\/#\/schema\/person\/8b782359f9c126ce78a77af3ae602397"},"headline":"LAT Multilingue en nomination pour trois prix Small Business BC","datePublished":"2015-11-23T01:21:53+00:00","dateModified":"2020-10-07T22:16:16+00:00","mainEntityOfPage":{"@id":"https:\/\/www.latmultilingual.com\/fr\/blog\/lat-multilingue-en-nomination-pour-trois-prix-small-business-bc\/"},"wordCount":204,"publisher":{"@id":"https:\/\/www.latmultilingual.com\/fr\/#organization"},"image":{"@id":"https:\/\/www.latmultilingual.com\/fr\/blog\/lat-multilingue-en-nomination-pour-trois-prix-small-business-bc\/#primaryimage"},"thumbnailUrl":"https:\/\/www.latmultilingual.com\/wp-content\/uploads\/2015\/11\/SmallBusinessBC.gif","articleSection":["Communiqu\u00e9s"],"inLanguage":"fr-FR"},{"@type":"WebPage","@id":"https:\/\/www.latmultilingual.com\/fr\/blog\/lat-multilingue-en-nomination-pour-trois-prix-small-business-bc\/","url":"https:\/\/www.latmultilingual.com\/fr\/blog\/lat-multilingue-en-nomination-pour-trois-prix-small-business-bc\/","name":"LAT Multilingue en nomination pour trois prix Small Business BC - LAT Multilingue Traduction et Marketing","isPartOf":{"@id":"https:\/\/www.latmultilingual.com\/fr\/#website"},"primaryImageOfPage":{"@id":"https:\/\/www.latmultilingual.com\/fr\/blog\/lat-multilingue-en-nomination-pour-trois-prix-small-business-bc\/#primaryimage"},"image":{"@id":"https:\/\/www.latmultilingual.com\/fr\/blog\/lat-multilingue-en-nomination-pour-trois-prix-small-business-bc\/#primaryimage"},"thumbnailUrl":"https:\/\/www.latmultilingual.com\/wp-content\/uploads\/2015\/11\/SmallBusinessBC.gif","datePublished":"2015-11-23T01:21:53+00:00","dateModified":"2020-10-07T22:16:16+00:00","breadcrumb":{"@id":"https:\/\/www.latmultilingual.com\/fr\/blog\/lat-multilingue-en-nomination-pour-trois-prix-small-business-bc\/#breadcrumb"},"inLanguage":"fr-FR","potentialAction":[{"@type":"ReadAction","target":["https:\/\/www.latmultilingual.com\/fr\/blog\/lat-multilingue-en-nomination-pour-trois-prix-small-business-bc\/"]}]},{"@type":"ImageObject","inLanguage":"fr-FR","@id":"https:\/\/www.latmultilingual.com\/fr\/blog\/lat-multilingue-en-nomination-pour-trois-prix-small-business-bc\/#primaryimage","url":"https:\/\/www.latmultilingual.com\/wp-content\/uploads\/2015\/11\/SmallBusinessBC.gif","contentUrl":"https:\/\/www.latmultilingual.com\/wp-content\/uploads\/2015\/11\/SmallBusinessBC.gif","width":939,"height":617},{"@type":"BreadcrumbList","@id":"https:\/\/www.latmultilingual.com\/fr\/blog\/lat-multilingue-en-nomination-pour-trois-prix-small-business-bc\/#breadcrumb","itemListElement":[{"@type":"ListItem","position":1,"name":"Home","item":"https:\/\/www.latmultilingual.com\/fr\/"},{"@type":"ListItem","position":2,"name":"LAT Multilingue en nomination pour trois prix Small Business BC"}]},{"@type":"WebSite","@id":"https:\/\/www.latmultilingual.com\/fr\/#website","url":"https:\/\/www.latmultilingual.com\/fr\/","name":"LAT Multilingual","description":"Reach New Markets with Quality Translation and Cultural Marketing Services","publisher":{"@id":"https:\/\/www.latmultilingual.com\/fr\/#organization"},"potentialAction":[{"@type":"SearchAction","target":{"@type":"EntryPoint","urlTemplate":"https:\/\/www.latmultilingual.com\/fr\/?s={search_term_string}"},"query-input":{"@type":"PropertyValueSpecification","valueRequired":true,"valueName":"search_term_string"}}],"inLanguage":"fr-FR"},{"@type":"Organization","@id":"https:\/\/www.latmultilingual.com\/fr\/#organization","name":"LAT Multilingual","url":"https:\/\/www.latmultilingual.com\/fr\/","logo":{"@type":"ImageObject","inLanguage":"fr-FR","@id":"https:\/\/www.latmultilingual.com\/fr\/#\/schema\/logo\/image\/","url":"https:\/\/www.latmultilingual.com\/wp-content\/uploads\/2024\/02\/retina-logo-en.png","contentUrl":"https:\/\/www.latmultilingual.com\/wp-content\/uploads\/2024\/02\/retina-logo-en.png","width":450,"height":122,"caption":"LAT Multilingual"},"image":{"@id":"https:\/\/www.latmultilingual.com\/fr\/#\/schema\/logo\/image\/"},"sameAs":["https:\/\/www.facebook.com\/LATMultilingual\/","https:\/\/x.com\/LATMultilingual","https:\/\/www.linkedin.com\/company\/215205\/admin\/updates\/"]},{"@type":"Person","@id":"https:\/\/www.latmultilingual.com\/fr\/#\/schema\/person\/8b782359f9c126ce78a77af3ae602397","name":"Laura McLeod","image":{"@type":"ImageObject","inLanguage":"fr-FR","@id":"https:\/\/secure.gravatar.com\/avatar\/a876d23222bad85988ca24c0a26294a5de30c239bcff38791e6268595b23b058?s=96&r=g","url":"https:\/\/secure.gravatar.com\/avatar\/a876d23222bad85988ca24c0a26294a5de30c239bcff38791e6268595b23b058?s=96&r=g","contentUrl":"https:\/\/secure.gravatar.com\/avatar\/a876d23222bad85988ca24c0a26294a5de30c239bcff38791e6268595b23b058?s=96&r=g","caption":"Laura McLeod"},"description":"Laura McLeod est gestionnaire des communications chez LAT Multilingual. Ayant d\u00e9j\u00e0 travaill\u00e9 \u00e0 coordonner des projets de traduction complexes en tant que cliente, Laura est ravie d\u2019aider les clients \u00e0 apprendre comment LAT peut leur simplifier la vie pour leurs projets de marketing, de communications et de site Web.","url":"https:\/\/www.latmultilingual.com\/fr\/blog\/author\/lauramcleod\/"}]}},"_links":{"self":[{"href":"https:\/\/www.latmultilingual.com\/fr\/wp-json\/wp\/v2\/posts\/19231","targetHints":{"allow":["GET"]}}],"collection":[{"href":"https:\/\/www.latmultilingual.com\/fr\/wp-json\/wp\/v2\/posts"}],"about":[{"href":"https:\/\/www.latmultilingual.com\/fr\/wp-json\/wp\/v2\/types\/post"}],"author":[{"embeddable":true,"href":"https:\/\/www.latmultilingual.com\/fr\/wp-json\/wp\/v2\/users\/61"}],"replies":[{"embeddable":true,"href":"https:\/\/www.latmultilingual.com\/fr\/wp-json\/wp\/v2\/comments?post=19231"}],"version-history":[{"count":0,"href":"https:\/\/www.latmultilingual.com\/fr\/wp-json\/wp\/v2\/posts\/19231\/revisions"}],"wp:featuredmedia":[{"embeddable":true,"href":"https:\/\/www.latmultilingual.com\/fr\/wp-json\/wp\/v2\/media\/19649"}],"wp:attachment":[{"href":"https:\/\/www.latmultilingual.com\/fr\/wp-json\/wp\/v2\/media?parent=19231"}],"wp:term":[{"taxonomy":"category","embeddable":true,"href":"https:\/\/www.latmultilingual.com\/fr\/wp-json\/wp\/v2\/categories?post=19231"},{"taxonomy":"post_tag","embeddable":true,"href":"https:\/\/www.latmultilingual.com\/fr\/wp-json\/wp\/v2\/tags?post=19231"}],"curies":[{"name":"wp","href":"https:\/\/api.w.org\/{rel}","templated":true}]}}